{"id":7137,"date":"2026-04-25T13:43:12","date_gmt":"2026-04-25T11:43:12","guid":{"rendered":"https:\/\/www.vracko.si\/spargel-tage\/"},"modified":"2026-04-25T13:44:58","modified_gmt":"2026-04-25T11:44:58","slug":"spargel-tage","status":"publish","type":"post","link":"https:\/\/www.vracko.si\/de\/spargel-tage\/","title":{"rendered":"SPARGEL TAGE"},"content":{"rendered":"\n<p>Salat mit gr\u00fcnem Spargel, Erdbeeren, Frischk\u00e4se vom Bauernhof Leber &#8211; Vra\u010dko<\/p>\n\n\n\n<p>Spargelsuppe<\/p>\n\n\n\n<p>Orecchiette mit gr\u00fcnem Spargel und Garnelen<\/p>\n\n\n\n<p>Zanderfilet mit Spargel, Sauce Hollaindaise und Parmesan<\/p>\n\n\n\n<p>Lammkrone mit Spargel, Sauce Hollaindaise und jungen Kartoffeln<\/p>\n\n\n\n<p>Erdbeertiramisu im Glas<\/p>\n\n\n\n<p><em><strong>BIO SPARGEL &#8211; Bauernhof Ferlinc aus Fala<\/strong><\/em><\/p>\n","protected":false},"excerpt":{"rendered":"<p>Salat mit gr\u00fcnem Spargel, Erdbeeren, Frischk\u00e4se vom Bauernhof Leber &#8211; Vra\u010dko Spargelsuppe Orecchiette mit gr\u00fcnem Spargel und Garnelen Zanderfilet mit Spargel, Sauce Hollaindaise und Parmesan Lammkrone mit Spargel, Sauce Hollaindaise und jungen Kartoffeln Erdbeertiramisu im Glas BIO SPARGEL &#8211; Bauernhof Ferlinc aus Fala<\/p>\n","protected":false},"author":1,"featured_media":2545,"comment_status":"closed","ping_status":"closed","sticky":false,"template":"","format":"standard","meta":{"_acf_changed":false,"footnotes":""},"categories":[4],"tags":[],"class_list":["post-7137","post","type-post","status-publish","format-standard","has-post-thumbnail","hentry","category-aktuell"],"acf":[],"yoast_head":"<!-- This site is optimized with the Yoast SEO plugin v26.9 - https:\/\/yoast.com\/product\/yoast-seo-wordpress\/ -->\n<title>SPARGEL TAGE - Vra\u010dko<\/title>\n<meta name=\"robots\" content=\"index, follow, max-snippet:-1, max-image-preview:large, max-video-preview:-1\" \/>\n<link rel=\"canonical\" href=\"https:\/\/www.vracko.si\/de\/spargel-tage\/\" \/>\n<meta property=\"og:locale\" content=\"de_DE\" \/>\n<meta property=\"og:type\" content=\"article\" \/>\n<meta property=\"og:title\" content=\"SPARGEL TAGE - Vra\u010dko\" \/>\n<meta property=\"og:description\" content=\"Salat mit gr\u00fcnem Spargel, Erdbeeren, Frischk\u00e4se vom Bauernhof Leber &#8211; Vra\u010dko Spargelsuppe Orecchiette mit gr\u00fcnem Spargel und Garnelen Zanderfilet mit Spargel, Sauce Hollaindaise und Parmesan Lammkrone mit Spargel, Sauce Hollaindaise und jungen Kartoffeln Erdbeertiramisu im Glas BIO SPARGEL &#8211; Bauernhof Ferlinc aus Fala\" \/>\n<meta property=\"og:url\" content=\"https:\/\/www.vracko.si\/de\/spargel-tage\/\" \/>\n<meta property=\"og:site_name\" content=\"Vra\u010dko\" \/>\n<meta property=\"article:published_time\" content=\"2026-04-25T11:43:12+00:00\" \/>\n<meta property=\"article:modified_time\" content=\"2026-04-25T11:44:58+00:00\" \/>\n<meta property=\"og:image\" content=\"https:\/\/www.vracko.si\/wp-content\/uploads\/2019\/06\/\u0160parglji.jpg\" \/>\n\t<meta property=\"og:image:width\" content=\"851\" \/>\n\t<meta property=\"og:image:height\" content=\"564\" \/>\n\t<meta property=\"og:image:type\" content=\"image\/jpeg\" \/>\n<meta name=\"author\" content=\"andrej\" \/>\n<meta name=\"twitter:card\" content=\"summary_large_image\" \/>\n<meta name=\"twitter:label1\" content=\"Verfasst von\" \/>\n\t<meta name=\"twitter:data1\" content=\"andrej\" \/>\n<script type=\"application\/ld+json\" class=\"yoast-schema-graph\">{\"@context\":\"https:\/\/schema.org\",\"@graph\":[{\"@type\":\"Article\",\"@id\":\"https:\/\/www.vracko.si\/de\/spargel-tage\/#article\",\"isPartOf\":{\"@id\":\"https:\/\/www.vracko.si\/de\/spargel-tage\/\"},\"author\":{\"name\":\"andrej\",\"@id\":\"https:\/\/www.vracko.si\/#\/schema\/person\/671672bf4e6bb6450492593881253376\"},\"headline\":\"SPARGEL TAGE\",\"datePublished\":\"2026-04-25T11:43:12+00:00\",\"dateModified\":\"2026-04-25T11:44:58+00:00\",\"mainEntityOfPage\":{\"@id\":\"https:\/\/www.vracko.si\/de\/spargel-tage\/\"},\"wordCount\":49,\"image\":{\"@id\":\"https:\/\/www.vracko.si\/de\/spargel-tage\/#primaryimage\"},\"thumbnailUrl\":\"https:\/\/www.vracko.si\/wp-content\/uploads\/2019\/06\/\u0160parglji.jpg\",\"articleSection\":[\"Aktuell\"],\"inLanguage\":\"de\"},{\"@type\":\"WebPage\",\"@id\":\"https:\/\/www.vracko.si\/de\/spargel-tage\/\",\"url\":\"https:\/\/www.vracko.si\/de\/spargel-tage\/\",\"name\":\"SPARGEL TAGE - Vra\u010dko\",\"isPartOf\":{\"@id\":\"https:\/\/www.vracko.si\/#website\"},\"primaryImageOfPage\":{\"@id\":\"https:\/\/www.vracko.si\/de\/spargel-tage\/#primaryimage\"},\"image\":{\"@id\":\"https:\/\/www.vracko.si\/de\/spargel-tage\/#primaryimage\"},\"thumbnailUrl\":\"https:\/\/www.vracko.si\/wp-content\/uploads\/2019\/06\/\u0160parglji.jpg\",\"datePublished\":\"2026-04-25T11:43:12+00:00\",\"dateModified\":\"2026-04-25T11:44:58+00:00\",\"author\":{\"@id\":\"https:\/\/www.vracko.si\/#\/schema\/person\/671672bf4e6bb6450492593881253376\"},\"breadcrumb\":{\"@id\":\"https:\/\/www.vracko.si\/de\/spargel-tage\/#breadcrumb\"},\"inLanguage\":\"de\",\"potentialAction\":[{\"@type\":\"ReadAction\",\"target\":[\"https:\/\/www.vracko.si\/de\/spargel-tage\/\"]}]},{\"@type\":\"ImageObject\",\"inLanguage\":\"de\",\"@id\":\"https:\/\/www.vracko.si\/de\/spargel-tage\/#primaryimage\",\"url\":\"https:\/\/www.vracko.si\/wp-content\/uploads\/2019\/06\/\u0160parglji.jpg\",\"contentUrl\":\"https:\/\/www.vracko.si\/wp-content\/uploads\/2019\/06\/\u0160parglji.jpg\",\"width\":851,\"height\":564,\"caption\":\"GRUENER SPARGEL\"},{\"@type\":\"BreadcrumbList\",\"@id\":\"https:\/\/www.vracko.si\/de\/spargel-tage\/#breadcrumb\",\"itemListElement\":[{\"@type\":\"ListItem\",\"position\":1,\"name\":\"Home\",\"item\":\"https:\/\/www.vracko.si\/gostisce-vracko\/\"},{\"@type\":\"ListItem\",\"position\":2,\"name\":\"SPARGEL TAGE\"}]},{\"@type\":\"WebSite\",\"@id\":\"https:\/\/www.vracko.si\/#website\",\"url\":\"https:\/\/www.vracko.si\/\",\"name\":\"Vra\u010dko\",\"description\":\"\",\"potentialAction\":[{\"@type\":\"SearchAction\",\"target\":{\"@type\":\"EntryPoint\",\"urlTemplate\":\"https:\/\/www.vracko.si\/?s={search_term_string}\"},\"query-input\":{\"@type\":\"PropertyValueSpecification\",\"valueRequired\":true,\"valueName\":\"search_term_string\"}}],\"inLanguage\":\"de\"},{\"@type\":\"Person\",\"@id\":\"https:\/\/www.vracko.si\/#\/schema\/person\/671672bf4e6bb6450492593881253376\",\"name\":\"andrej\",\"image\":{\"@type\":\"ImageObject\",\"inLanguage\":\"de\",\"@id\":\"https:\/\/www.vracko.si\/#\/schema\/person\/image\/\",\"url\":\"https:\/\/secure.gravatar.com\/avatar\/82a8873f909e7f1c5216b7e881cc740869955fb2412158cb206fe30a6baeeab3?s=96&d=mm&r=g\",\"contentUrl\":\"https:\/\/secure.gravatar.com\/avatar\/82a8873f909e7f1c5216b7e881cc740869955fb2412158cb206fe30a6baeeab3?s=96&d=mm&r=g\",\"caption\":\"andrej\"},\"url\":\"https:\/\/www.vracko.si\/de\/author\/andrej\/\"}]}<\/script>\n<!-- \/ Yoast SEO plugin. -->","yoast_head_json":{"title":"SPARGEL TAGE - Vra\u010dko","robots":{"index":"index","follow":"follow","max-snippet":"max-snippet:-1","max-image-preview":"max-image-preview:large","max-video-preview":"max-video-preview:-1"},"canonical":"https:\/\/www.vracko.si\/de\/spargel-tage\/","og_locale":"de_DE","og_type":"article","og_title":"SPARGEL TAGE - Vra\u010dko","og_description":"Salat mit gr\u00fcnem Spargel, Erdbeeren, Frischk\u00e4se vom Bauernhof Leber &#8211; Vra\u010dko Spargelsuppe Orecchiette mit gr\u00fcnem Spargel und Garnelen Zanderfilet mit Spargel, Sauce Hollaindaise und Parmesan Lammkrone mit Spargel, Sauce Hollaindaise und jungen Kartoffeln Erdbeertiramisu im Glas BIO SPARGEL &#8211; Bauernhof Ferlinc aus Fala","og_url":"https:\/\/www.vracko.si\/de\/spargel-tage\/","og_site_name":"Vra\u010dko","article_published_time":"2026-04-25T11:43:12+00:00","article_modified_time":"2026-04-25T11:44:58+00:00","og_image":[{"width":851,"height":564,"url":"https:\/\/www.vracko.si\/wp-content\/uploads\/2019\/06\/\u0160parglji.jpg","type":"image\/jpeg"}],"author":"andrej","twitter_card":"summary_large_image","twitter_misc":{"Verfasst von":"andrej"},"schema":{"@context":"https:\/\/schema.org","@graph":[{"@type":"Article","@id":"https:\/\/www.vracko.si\/de\/spargel-tage\/#article","isPartOf":{"@id":"https:\/\/www.vracko.si\/de\/spargel-tage\/"},"author":{"name":"andrej","@id":"https:\/\/www.vracko.si\/#\/schema\/person\/671672bf4e6bb6450492593881253376"},"headline":"SPARGEL TAGE","datePublished":"2026-04-25T11:43:12+00:00","dateModified":"2026-04-25T11:44:58+00:00","mainEntityOfPage":{"@id":"https:\/\/www.vracko.si\/de\/spargel-tage\/"},"wordCount":49,"image":{"@id":"https:\/\/www.vracko.si\/de\/spargel-tage\/#primaryimage"},"thumbnailUrl":"https:\/\/www.vracko.si\/wp-content\/uploads\/2019\/06\/\u0160parglji.jpg","articleSection":["Aktuell"],"inLanguage":"de"},{"@type":"WebPage","@id":"https:\/\/www.vracko.si\/de\/spargel-tage\/","url":"https:\/\/www.vracko.si\/de\/spargel-tage\/","name":"SPARGEL TAGE - Vra\u010dko","isPartOf":{"@id":"https:\/\/www.vracko.si\/#website"},"primaryImageOfPage":{"@id":"https:\/\/www.vracko.si\/de\/spargel-tage\/#primaryimage"},"image":{"@id":"https:\/\/www.vracko.si\/de\/spargel-tage\/#primaryimage"},"thumbnailUrl":"https:\/\/www.vracko.si\/wp-content\/uploads\/2019\/06\/\u0160parglji.jpg","datePublished":"2026-04-25T11:43:12+00:00","dateModified":"2026-04-25T11:44:58+00:00","author":{"@id":"https:\/\/www.vracko.si\/#\/schema\/person\/671672bf4e6bb6450492593881253376"},"breadcrumb":{"@id":"https:\/\/www.vracko.si\/de\/spargel-tage\/#breadcrumb"},"inLanguage":"de","potentialAction":[{"@type":"ReadAction","target":["https:\/\/www.vracko.si\/de\/spargel-tage\/"]}]},{"@type":"ImageObject","inLanguage":"de","@id":"https:\/\/www.vracko.si\/de\/spargel-tage\/#primaryimage","url":"https:\/\/www.vracko.si\/wp-content\/uploads\/2019\/06\/\u0160parglji.jpg","contentUrl":"https:\/\/www.vracko.si\/wp-content\/uploads\/2019\/06\/\u0160parglji.jpg","width":851,"height":564,"caption":"GRUENER SPARGEL"},{"@type":"BreadcrumbList","@id":"https:\/\/www.vracko.si\/de\/spargel-tage\/#breadcrumb","itemListElement":[{"@type":"ListItem","position":1,"name":"Home","item":"https:\/\/www.vracko.si\/gostisce-vracko\/"},{"@type":"ListItem","position":2,"name":"SPARGEL TAGE"}]},{"@type":"WebSite","@id":"https:\/\/www.vracko.si\/#website","url":"https:\/\/www.vracko.si\/","name":"Vra\u010dko","description":"","potentialAction":[{"@type":"SearchAction","target":{"@type":"EntryPoint","urlTemplate":"https:\/\/www.vracko.si\/?s={search_term_string}"},"query-input":{"@type":"PropertyValueSpecification","valueRequired":true,"valueName":"search_term_string"}}],"inLanguage":"de"},{"@type":"Person","@id":"https:\/\/www.vracko.si\/#\/schema\/person\/671672bf4e6bb6450492593881253376","name":"andrej","image":{"@type":"ImageObject","inLanguage":"de","@id":"https:\/\/www.vracko.si\/#\/schema\/person\/image\/","url":"https:\/\/secure.gravatar.com\/avatar\/82a8873f909e7f1c5216b7e881cc740869955fb2412158cb206fe30a6baeeab3?s=96&d=mm&r=g","contentUrl":"https:\/\/secure.gravatar.com\/avatar\/82a8873f909e7f1c5216b7e881cc740869955fb2412158cb206fe30a6baeeab3?s=96&d=mm&r=g","caption":"andrej"},"url":"https:\/\/www.vracko.si\/de\/author\/andrej\/"}]}},"_links":{"self":[{"href":"https:\/\/www.vracko.si\/de\/wp-json\/wp\/v2\/posts\/7137","targetHints":{"allow":["GET"]}}],"collection":[{"href":"https:\/\/www.vracko.si\/de\/wp-json\/wp\/v2\/posts"}],"about":[{"href":"https:\/\/www.vracko.si\/de\/wp-json\/wp\/v2\/types\/post"}],"author":[{"embeddable":true,"href":"https:\/\/www.vracko.si\/de\/wp-json\/wp\/v2\/users\/1"}],"replies":[{"embeddable":true,"href":"https:\/\/www.vracko.si\/de\/wp-json\/wp\/v2\/comments?post=7137"}],"version-history":[{"count":2,"href":"https:\/\/www.vracko.si\/de\/wp-json\/wp\/v2\/posts\/7137\/revisions"}],"predecessor-version":[{"id":7139,"href":"https:\/\/www.vracko.si\/de\/wp-json\/wp\/v2\/posts\/7137\/revisions\/7139"}],"wp:featuredmedia":[{"embeddable":true,"href":"https:\/\/www.vracko.si\/de\/wp-json\/wp\/v2\/media\/2545"}],"wp:attachment":[{"href":"https:\/\/www.vracko.si\/de\/wp-json\/wp\/v2\/media?parent=7137"}],"wp:term":[{"taxonomy":"category","embeddable":true,"href":"https:\/\/www.vracko.si\/de\/wp-json\/wp\/v2\/categories?post=7137"},{"taxonomy":"post_tag","embeddable":true,"href":"https:\/\/www.vracko.si\/de\/wp-json\/wp\/v2\/tags?post=7137"}],"curies":[{"name":"wp","href":"https:\/\/api.w.org\/{rel}","templated":true}]}}